{"id":213,"date":"2025-05-18T11:56:53","date_gmt":"2025-05-18T10:56:53","guid":{"rendered":"https:\/\/waldonline.eu\/?p=213"},"modified":"2025-06-18T10:31:52","modified_gmt":"2025-06-18T09:31:52","slug":"kommunalwahl-2025-zeit-fuer-einen-neuanfang","status":"publish","type":"post","link":"https:\/\/waldonline.eu\/?p=213","title":{"rendered":"Kommunalwahl 2025 &#8211; Zeit f\u00fcr einen Neuanfang"},"content":{"rendered":"\n<p><strong>Zeit f\u00fcr Ver\u00e4nderung \u2013 Gemeinsam Eschweiler bewegen!<\/strong><\/p>\n\n\n\n<p>Warum w\u00e4hlen Sie immer noch die Partei, die unsere Stadt und unseren Ortsteil \u00fcber Jahrzehnte hinweg in den Stillstand gef\u00fchrt hat? Nur aus Tradition? Oder weil man immer den\/ die mit der roten M\u00fctze gew\u00e4hlt hat bzw.  auch Oma und Opa immer schon so gew\u00e4hlt haben?<\/p>\n\n\n\n<p>Und warum haben bei der Bundestagswahl\u00a0 \u00fcber 20 Prozent der W\u00e4hler im Ortsteil \u00a0eine Partei gew\u00e4hlt, die offen menschenverachtende und rechtsradikale Ansichten vertritt? Nur aus Protest? <\/p>\n\n\n\n<p>Wir als CDU Eschweiler stehen f\u00fcr einen echten politischen Wandel. Mit kompetenten Ratskandidatinnen und -Kandidaten in s\u00e4mtlichen Wahlkreisen sowie unserem B\u00fcrgermeisterkandidaten Patrick Nowicki wollen wir unsere Stadt und Ortsteile wieder voranbringen \u2013 mit neuen Ideen, klarem Blick und voller Tatkraft.<\/p>\n\n\n\n<p>Gestalten Sie die Zukunft aktiv mit. Eschweiler braucht Bewegung \u2013 nicht Stillstand!<\/p>\n\n\n\n<p><strong>Warum ich f\u00fcr ein kommunales Mandat in Eschweiler kandidiere<\/strong><\/p>\n\n\n\n<p>Mein Name ist Oliver Wald, ich bin 52 Jahre alt und bin, so kann man sagen, ein Pumpe-Sticher Urgestein. Beruflich bin ich als Polizeibeamter t\u00e4tig. Privat begeistern mich das Motorradfahren, Fotografie sowie meine Leidenschaft f\u00fcr Schallplatten. Dar\u00fcber hinaus engagiere ich mich intensiv im Vereinsleben  des Ortsteils Pumpe-Stich: Als langj\u00e4hriger Vorsitzender der Sch\u00fctzenbruderschaft und aktives Mitglied der \u00f6rtlichen Karnevalsgesellschaft kenne ich die Bedeutung von Gemeinschaft und Zusammenhalt, aber auch die Sorgen und N\u00f6te aus erster Hand. Als langj\u00e4hriger Gewerkschafter sind mir zudem die Problemstellungen im Arbeitsmarkt bekannt.<\/p>\n\n\n\n<p>Meine Kandidatur f\u00fcr ein kommunales Mandat ist die logische Konsequenz meines tiefen Engagements f\u00fcr unsere Stadt, den Ortsteil Pumpe-Stich und deren B\u00fcrgerinnen und B\u00fcrger. Ich m\u00f6chte aktiv mitgestalten, L\u00f6sungen finden und dazu beitragen, dass Eschweiler, insbesondere Pumpe-Stich auch in Zukunft ein lebenswerter Ort f\u00fcr alle Generationen bleibt. Durch meine beruflichen Erfahrungen bringe ich Kompetenzen in den Bereichen Sicherheit, Ordnung und Verantwortungsbewusstsein mit \u2013 Werte, die in der Kommunalpolitik essenziell sind.<\/p>\n\n\n\n<p>Es ist mir wichtig, Anwalt f\u00fcr die Menschen in unserer Stadt und in Pumpe-Stich zu sein, ihre Anliegen ernst zu nehmen und gemeinsam mit ihnen Ideen zu entwickeln. Unsere Vereine, Traditionen und das gesellschaftliche Miteinander liegen mir besonders am Herzen, und ich m\u00f6chte mich daf\u00fcr einsetzen, dass sie weiterhin gef\u00f6rdert und gest\u00e4rkt werden.<\/p>\n\n\n\n<p>Mein Ziel ist es, Pumpe-Stich mit klarem Blick f\u00fcr die Herausforderungen und Chancen in eine erfolgreiche Zukunft zu f\u00fchren \u2013 mit Mut, Engagement und einer tiefen Verbundenheit zur Heimat.<\/p>\n\n\n\n<p>Ich werbe hier um Ihre wertvolle Stimme, f\u00fcr die CDU, f\u00fcr den B\u00fcrgermeisterkandidaten Patrick Nowicki und f\u00fcr mich.  Wir werden und Ihres Vertrauens w\u00fcrdig erweisen.<\/p>\n","protected":false},"excerpt":{"rendered":"<p>Zeit f\u00fcr Ver\u00e4nderung \u2013 Gemeinsam Eschweiler bewegen! Warum w\u00e4hlen Sie immer noch die Partei, die unsere Stadt und unseren Ortsteil \u00fcber Jahrzehnte hinweg in den&#8230;<\/p>\n<div class=\"more-link-wrapper\"><a class=\"more-link\" href=\"https:\/\/waldonline.eu\/?p=213\">Weiterlesen<span class=\"screen-reader-text\">Kommunalwahl 2025 &#8211; Zeit f\u00fcr einen Neuanfang<\/span><\/a><\/div>\n","protected":false},"author":1,"featured_media":202,"comment_status":"open","ping_status":"open","sticky":false,"template":"","format":"standard","meta":{"footnotes":""},"categories":[1],"tags":[12,10,14,18,11,16,9,17,15],"class_list":["post-213","post","type-post","status-publish","format-standard","has-post-thumbnail","hentry","category-uncategorized","tag-pumpe-stich","tag-team_nowicki","tag-aue","tag-barbaraschule","tag-eschweiler","tag-jaegerspfad","tag-kommunalwahl","tag-konkordiasiedlung","tag-waldsiedlung","entry"],"_links":{"self":[{"href":"https:\/\/waldonline.eu\/index.php?rest_route=\/wp\/v2\/posts\/213","targetHints":{"allow":["GET"]}}],"collection":[{"href":"https:\/\/waldonline.eu\/index.php?rest_route=\/wp\/v2\/posts"}],"about":[{"href":"https:\/\/waldonline.eu\/index.php?rest_route=\/wp\/v2\/types\/post"}],"author":[{"embeddable":true,"href":"https:\/\/waldonline.eu\/index.php?rest_route=\/wp\/v2\/users\/1"}],"replies":[{"embeddable":true,"href":"https:\/\/waldonline.eu\/index.php?rest_route=%2Fwp%2Fv2%2Fcomments&post=213"}],"version-history":[{"count":5,"href":"https:\/\/waldonline.eu\/index.php?rest_route=\/wp\/v2\/posts\/213\/revisions"}],"predecessor-version":[{"id":275,"href":"https:\/\/waldonline.eu\/index.php?rest_route=\/wp\/v2\/posts\/213\/revisions\/275"}],"wp:featuredmedia":[{"embeddable":true,"href":"https:\/\/waldonline.eu\/index.php?rest_route=\/wp\/v2\/media\/202"}],"wp:attachment":[{"href":"https:\/\/waldonline.eu\/index.php?rest_route=%2Fwp%2Fv2%2Fmedia&parent=213"}],"wp:term":[{"taxonomy":"category","embeddable":true,"href":"https:\/\/waldonline.eu\/index.php?rest_route=%2Fwp%2Fv2%2Fcategories&post=213"},{"taxonomy":"post_tag","embeddable":true,"href":"https:\/\/waldonline.eu\/index.php?rest_route=%2Fwp%2Fv2%2Ftags&post=213"}],"curies":[{"name":"wp","href":"https:\/\/api.w.org\/{rel}","templated":true}]}}